{"id":17649,"date":"2026-09-01T16:06:19","date_gmt":"2026-09-01T14:06:19","guid":{"rendered":"https:\/\/www.medes.fr\/?p=17649"},"modified":"2026-09-01T17:16:42","modified_gmt":"2026-09-01T15:16:42","slug":"space-for-inspiration-2026-nous-y-sommes","status":"publish","type":"post","link":"https:\/\/www.medes.fr\/en\/a-la-une\/space-for-inspiration-2026-nous-y-sommes\/","title":{"rendered":"Space for Inspiration 2026 !  Nous y sommes !"},"content":{"rendered":"<p>[et_pb_section fb_built=&#8221;1&#8243; admin_label=&#8221;section&#8221; _builder_version=&#8221;4.16&#8243; global_colors_info=&#8221;{}&#8221;][et_pb_row column_structure=&#8221;3_5,2_5&#8243; admin_label=&#8221;row&#8221; _builder_version=&#8221;4.16&#8243; background_size=&#8221;initial&#8221; background_position=&#8221;top_left&#8221; background_repeat=&#8221;repeat&#8221; global_colors_info=&#8221;{}&#8221;][et_pb_column type=&#8221;3_5&#8243; _builder_version=&#8221;4.16&#8243; custom_padding=&#8221;|||&#8221; global_colors_info=&#8221;{}&#8221; custom_padding__hover=&#8221;|||&#8221;][et_pb_text _builder_version=&#8221;4.27.7&#8243; _module_preset=&#8221;default&#8221; global_colors_info=&#8221;{}&#8221;]<\/p>\n<p>1 &amp; 2 Septembre, Copenhagen<\/p>\n<p><b data-path-to-node=\"0\" data-index-in-node=\"0\">Space for Inspiration 2026<\/b> r\u00e9unit des entreprises, des chercheurs, des investisseurs et des agences op\u00e9rant \u00e0 la pointe de l&#8217;exploration spatiale commerciale.<\/p>\n<p>L&#8217;\u00e9dition de cette ann\u00e9e pr\u00e9sente le th\u00e8me transversal <b data-path-to-node=\"0\" data-index-in-node=\"217\">\u00ab D\u00e9velopper la recherche et la production dans l&#8217;espace \u00bb<\/b> (<i data-path-to-node=\"0\" data-index-in-node=\"277\">Scaling Research and Production in Space<\/i>). La conf\u00e9rence mettra en lumi\u00e8re quatre march\u00e9s o\u00f9 les capacit\u00e9s de microgravit\u00e9, d&#8217;orbite et de ressources spatiales lunaires cr\u00e9ent d\u00e9j\u00e0 de nouvelles opportunit\u00e9s pour la recherche, le d\u00e9veloppement et la production dans l&#8217;espace et notamment la <strong>Sant\u00e9 et les Sciences de la vie.<\/strong><\/p>\n<p>Dans ce domaine, l&#8217;\u00e9v\u00e9nement permettra de d&#8217;explorez la d\u00e9couverte th\u00e9rapeutique, le biotraitement, le diagnostic, les dispositifs m\u00e9dicaux, la sant\u00e9 num\u00e9rique et d&#8217;autres technologies qui utilisent la microgravit\u00e9 pour faire progresser la recherche biologique. Ce th\u00e8me s&#8217;int\u00e9resse \u00e9galement \u00e0 la sant\u00e9 des astronautes et aux innovations offrant de doubles b\u00e9n\u00e9fices \u00e9vidents pour la sant\u00e9 spatiale et terrestre.<\/p>\n<p>[\/et_pb_text][\/et_pb_column][et_pb_column type=&#8221;2_5&#8243; _builder_version=&#8221;4.16&#8243; custom_padding=&#8221;|||&#8221; global_colors_info=&#8221;{}&#8221; custom_padding__hover=&#8221;|||&#8221;][et_pb_image src=&#8221;https:\/\/www.medes.fr\/wp-content\/uploads\/2026\/09\/Space-for-Inspiration.jpg&#8221; title_text=&#8221;Space for Inspiration&#8221; _builder_version=&#8221;4.27.7&#8243; _module_preset=&#8221;default&#8221; width=&#8221;79%&#8221; max_width=&#8221;79%&#8221; global_colors_info=&#8221;{}&#8221;][\/et_pb_image][\/et_pb_column][\/et_pb_row][et_pb_row _builder_version=&#8221;4.27.7&#8243; _module_preset=&#8221;default&#8221; custom_margin=&#8221;|auto|24px|auto||&#8221; custom_padding=&#8221;||16px|||&#8221; global_colors_info=&#8221;{}&#8221;][et_pb_column type=&#8221;4_4&#8243; _builder_version=&#8221;4.27.7&#8243; _module_preset=&#8221;default&#8221; global_colors_info=&#8221;{}&#8221;][et_pb_text _builder_version=&#8221;4.27.7&#8243; _module_preset=&#8221;default&#8221; min_height=&#8221;20.8px&#8221; global_colors_info=&#8221;{}&#8221;]<\/p>\n<p>Retrouvez-nous lors des moments cl\u00e9s d\u00e9di\u00e9s \u00e0 la Sant\u00e9 !<\/p>\n<p>[\/et_pb_text][et_pb_image src=&#8221;https:\/\/www.medes.fr\/wp-content\/uploads\/2026\/09\/Agenda.png&#8221; title_text=&#8221;Agenda&#8221; _builder_version=&#8221;4.27.7&#8243; _module_preset=&#8221;default&#8221; global_colors_info=&#8221;{}&#8221;][\/et_pb_image][\/et_pb_column][\/et_pb_row][\/et_pb_section]<\/p>\n","protected":false},"excerpt":{"rendered":"<p>1\u20132 septembre 2026, Copenhague<br \/>\nNous participons \u00e0 la conf\u00e9rence annuelle de l&#8217;ESA sur l&#8217;exploration spatiale commerciale. L&#8217;\u00e9v\u00e9nement rassemble des entreprises, des chercheurs, des investisseurs et des agences \u00e0 la pointe de l&#8217;exploration spatiale commerciale. Retrouvez-vous lors de notre conf\u00e9rence ou sur le stand de l&#8217;ESA !<\/p>\n","protected":false},"author":3,"featured_media":17651,"comment_status":"closed","ping_status":"closed","sticky":false,"template":"","format":"standard","meta":{"_acf_changed":false,"_et_pb_use_builder":"on","_et_pb_old_content":"","_et_gb_content_width":"","footnotes":""},"categories":[5,28,19],"tags":[],"class_list":["post-17649","post","type-post","status-publish","format-standard","has-post-thumbnail","hentry","category-a-la-une","category-a-la-une-a-la-clinique","category-actualites"],"acf":[],"yoast_head":"<!-- This site is optimized with the Yoast SEO plugin v28.4 - https:\/\/yoast.com\/product\/yoast-seo-wordpress\/ -->\n<title>Space for Inspiration 2026 ! Nous y sommes ! - Medes<\/title>\n<meta name=\"robots\" content=\"index, follow, max-snippet:-1, max-image-preview:large, max-video-preview:-1\" \/>\n<link rel=\"canonical\" href=\"https:\/\/www.medes.fr\/en\/a-la-une\/space-for-inspiration-2026-nous-y-sommes\/\" \/>\n<meta property=\"og:locale\" content=\"en_US\" \/>\n<meta property=\"og:type\" content=\"article\" \/>\n<meta property=\"og:title\" content=\"Space for Inspiration 2026 ! Nous y sommes ! - Medes\" \/>\n<meta property=\"og:description\" content=\"1\u20132 septembre 2026, Copenhague Nous participons \u00e0 la conf\u00e9rence annuelle de l&#039;ESA sur l&#039;exploration spatiale commerciale. L&#039;\u00e9v\u00e9nement rassemble des entreprises, des chercheurs, des investisseurs et des agences \u00e0 la pointe de l&#039;exploration spatiale commerciale. Retrouvez-vous lors de notre conf\u00e9rence ou sur le stand de l&#039;ESA !\" \/>\n<meta property=\"og:url\" content=\"https:\/\/www.medes.fr\/en\/a-la-une\/space-for-inspiration-2026-nous-y-sommes\/\" \/>\n<meta property=\"og:site_name\" content=\"Medes\" \/>\n<meta property=\"article:published_time\" content=\"2026-09-01T14:06:19+00:00\" \/>\n<meta property=\"article:modified_time\" content=\"2026-09-01T15:16:42+00:00\" \/>\n<meta property=\"og:image\" content=\"https:\/\/www.medes.fr\/wp-content\/uploads\/2026\/09\/Space-for-Inspiration.jpg\" \/>\n\t<meta property=\"og:image:width\" content=\"498\" \/>\n\t<meta property=\"og:image:height\" content=\"457\" \/>\n\t<meta property=\"og:image:type\" content=\"image\/jpeg\" \/>\n<meta name=\"author\" content=\"Medes\" \/>\n<meta name=\"twitter:card\" content=\"summary_large_image\" \/>\n<meta name=\"twitter:label1\" content=\"Written by\" \/>\n\t<meta name=\"twitter:data1\" content=\"Medes\" \/>\n\t<meta name=\"twitter:label2\" content=\"Est. reading time\" \/>\n\t<meta name=\"twitter:data2\" content=\"2 minutes\" \/>\n<script type=\"application\/ld+json\" class=\"yoast-schema-graph\">{\"@context\":\"https:\\\/\\\/schema.org\",\"@graph\":[{\"@type\":\"Article\",\"@id\":\"https:\\\/\\\/www.medes.fr\\\/en\\\/a-la-une\\\/space-for-inspiration-2026-nous-y-sommes\\\/#article\",\"isPartOf\":{\"@id\":\"https:\\\/\\\/www.medes.fr\\\/en\\\/a-la-une\\\/space-for-inspiration-2026-nous-y-sommes\\\/\"},\"author\":{\"name\":\"Medes\",\"@id\":\"https:\\\/\\\/www.medes.fr\\\/en\\\/#\\\/schema\\\/person\\\/d9d42a6448e34d220b88e51373fa8e55\"},\"headline\":\"Space for Inspiration 2026 ! Nous y sommes !\",\"datePublished\":\"2026-09-01T14:06:19+00:00\",\"dateModified\":\"2026-09-01T15:16:42+00:00\",\"mainEntityOfPage\":{\"@id\":\"https:\\\/\\\/www.medes.fr\\\/en\\\/a-la-une\\\/space-for-inspiration-2026-nous-y-sommes\\\/\"},\"wordCount\":393,\"image\":{\"@id\":\"https:\\\/\\\/www.medes.fr\\\/en\\\/a-la-une\\\/space-for-inspiration-2026-nous-y-sommes\\\/#primaryimage\"},\"thumbnailUrl\":\"https:\\\/\\\/www.medes.fr\\\/wp-content\\\/uploads\\\/2026\\\/09\\\/Space-for-Inspiration.jpg\",\"articleSection\":[\"\u00e0 la une\",\"A la Une \u00e0 la clinique\",\"Actualit\u00e9s\"],\"inLanguage\":\"en-US\"},{\"@type\":\"WebPage\",\"@id\":\"https:\\\/\\\/www.medes.fr\\\/en\\\/a-la-une\\\/space-for-inspiration-2026-nous-y-sommes\\\/\",\"url\":\"https:\\\/\\\/www.medes.fr\\\/en\\\/a-la-une\\\/space-for-inspiration-2026-nous-y-sommes\\\/\",\"name\":\"Space for Inspiration 2026 ! Nous y sommes ! - Medes\",\"isPartOf\":{\"@id\":\"https:\\\/\\\/www.medes.fr\\\/en\\\/#website\"},\"primaryImageOfPage\":{\"@id\":\"https:\\\/\\\/www.medes.fr\\\/en\\\/a-la-une\\\/space-for-inspiration-2026-nous-y-sommes\\\/#primaryimage\"},\"image\":{\"@id\":\"https:\\\/\\\/www.medes.fr\\\/en\\\/a-la-une\\\/space-for-inspiration-2026-nous-y-sommes\\\/#primaryimage\"},\"thumbnailUrl\":\"https:\\\/\\\/www.medes.fr\\\/wp-content\\\/uploads\\\/2026\\\/09\\\/Space-for-Inspiration.jpg\",\"datePublished\":\"2026-09-01T14:06:19+00:00\",\"dateModified\":\"2026-09-01T15:16:42+00:00\",\"author\":{\"@id\":\"https:\\\/\\\/www.medes.fr\\\/en\\\/#\\\/schema\\\/person\\\/d9d42a6448e34d220b88e51373fa8e55\"},\"breadcrumb\":{\"@id\":\"https:\\\/\\\/www.medes.fr\\\/en\\\/a-la-une\\\/space-for-inspiration-2026-nous-y-sommes\\\/#breadcrumb\"},\"inLanguage\":\"en-US\",\"potentialAction\":[{\"@type\":\"ReadAction\",\"target\":[\"https:\\\/\\\/www.medes.fr\\\/en\\\/a-la-une\\\/space-for-inspiration-2026-nous-y-sommes\\\/\"]}]},{\"@type\":\"ImageObject\",\"inLanguage\":\"en-US\",\"@id\":\"https:\\\/\\\/www.medes.fr\\\/en\\\/a-la-une\\\/space-for-inspiration-2026-nous-y-sommes\\\/#primaryimage\",\"url\":\"https:\\\/\\\/www.medes.fr\\\/wp-content\\\/uploads\\\/2026\\\/09\\\/Space-for-Inspiration.jpg\",\"contentUrl\":\"https:\\\/\\\/www.medes.fr\\\/wp-content\\\/uploads\\\/2026\\\/09\\\/Space-for-Inspiration.jpg\",\"width\":498,\"height\":457},{\"@type\":\"BreadcrumbList\",\"@id\":\"https:\\\/\\\/www.medes.fr\\\/en\\\/a-la-une\\\/space-for-inspiration-2026-nous-y-sommes\\\/#breadcrumb\",\"itemListElement\":[{\"@type\":\"ListItem\",\"position\":1,\"name\":\"Accueil\",\"item\":\"https:\\\/\\\/www.medes.fr\\\/en\\\/\"},{\"@type\":\"ListItem\",\"position\":2,\"name\":\"in the spotlight\",\"item\":\"https:\\\/\\\/www.medes.fr\\\/en\\\/category\\\/in-the-spotlight-en\\\/\"},{\"@type\":\"ListItem\",\"position\":3,\"name\":\"Space for Inspiration 2026 ! Nous y sommes !\"}]},{\"@type\":\"WebSite\",\"@id\":\"https:\\\/\\\/www.medes.fr\\\/en\\\/#website\",\"url\":\"https:\\\/\\\/www.medes.fr\\\/en\\\/\",\"name\":\"Medes\",\"description\":\"\",\"potentialAction\":[{\"@type\":\"SearchAction\",\"target\":{\"@type\":\"EntryPoint\",\"urlTemplate\":\"https:\\\/\\\/www.medes.fr\\\/en\\\/?s={search_term_string}\"},\"query-input\":{\"@type\":\"PropertyValueSpecification\",\"valueRequired\":true,\"valueName\":\"search_term_string\"}}],\"inLanguage\":\"en-US\"},{\"@type\":\"Person\",\"@id\":\"https:\\\/\\\/www.medes.fr\\\/en\\\/#\\\/schema\\\/person\\\/d9d42a6448e34d220b88e51373fa8e55\",\"name\":\"Medes\",\"image\":{\"@type\":\"ImageObject\",\"inLanguage\":\"en-US\",\"@id\":\"https:\\\/\\\/secure.gravatar.com\\\/avatar\\\/94a3a44768861d4672a1ab6030b5709d468527f935bd404cd96410f423656e17?s=96&d=mm&r=g\",\"url\":\"https:\\\/\\\/secure.gravatar.com\\\/avatar\\\/94a3a44768861d4672a1ab6030b5709d468527f935bd404cd96410f423656e17?s=96&d=mm&r=g\",\"contentUrl\":\"https:\\\/\\\/secure.gravatar.com\\\/avatar\\\/94a3a44768861d4672a1ab6030b5709d468527f935bd404cd96410f423656e17?s=96&d=mm&r=g\",\"caption\":\"Medes\"},\"url\":\"https:\\\/\\\/www.medes.fr\\\/en\\\/author\\\/medes\\\/\"}]}<\/script>\n<!-- \/ Yoast SEO plugin. -->","yoast_head_json":{"title":"Space for Inspiration 2026 ! Nous y sommes ! - Medes","robots":{"index":"index","follow":"follow","max-snippet":"max-snippet:-1","max-image-preview":"max-image-preview:large","max-video-preview":"max-video-preview:-1"},"canonical":"https:\/\/www.medes.fr\/en\/a-la-une\/space-for-inspiration-2026-nous-y-sommes\/","og_locale":"en_US","og_type":"article","og_title":"Space for Inspiration 2026 ! Nous y sommes ! - Medes","og_description":"1\u20132 septembre 2026, Copenhague Nous participons \u00e0 la conf\u00e9rence annuelle de l'ESA sur l'exploration spatiale commerciale. L'\u00e9v\u00e9nement rassemble des entreprises, des chercheurs, des investisseurs et des agences \u00e0 la pointe de l'exploration spatiale commerciale. Retrouvez-vous lors de notre conf\u00e9rence ou sur le stand de l'ESA !","og_url":"https:\/\/www.medes.fr\/en\/a-la-une\/space-for-inspiration-2026-nous-y-sommes\/","og_site_name":"Medes","article_published_time":"2026-09-01T14:06:19+00:00","article_modified_time":"2026-09-01T15:16:42+00:00","og_image":[{"width":498,"height":457,"url":"https:\/\/www.medes.fr\/wp-content\/uploads\/2026\/09\/Space-for-Inspiration.jpg","type":"image\/jpeg"}],"author":"Medes","twitter_card":"summary_large_image","twitter_misc":{"Written by":"Medes","Est. reading time":"2 minutes"},"schema":{"@context":"https:\/\/schema.org","@graph":[{"@type":"Article","@id":"https:\/\/www.medes.fr\/en\/a-la-une\/space-for-inspiration-2026-nous-y-sommes\/#article","isPartOf":{"@id":"https:\/\/www.medes.fr\/en\/a-la-une\/space-for-inspiration-2026-nous-y-sommes\/"},"author":{"name":"Medes","@id":"https:\/\/www.medes.fr\/en\/#\/schema\/person\/d9d42a6448e34d220b88e51373fa8e55"},"headline":"Space for Inspiration 2026 ! Nous y sommes !","datePublished":"2026-09-01T14:06:19+00:00","dateModified":"2026-09-01T15:16:42+00:00","mainEntityOfPage":{"@id":"https:\/\/www.medes.fr\/en\/a-la-une\/space-for-inspiration-2026-nous-y-sommes\/"},"wordCount":393,"image":{"@id":"https:\/\/www.medes.fr\/en\/a-la-une\/space-for-inspiration-2026-nous-y-sommes\/#primaryimage"},"thumbnailUrl":"https:\/\/www.medes.fr\/wp-content\/uploads\/2026\/09\/Space-for-Inspiration.jpg","articleSection":["\u00e0 la une","A la Une \u00e0 la clinique","Actualit\u00e9s"],"inLanguage":"en-US"},{"@type":"WebPage","@id":"https:\/\/www.medes.fr\/en\/a-la-une\/space-for-inspiration-2026-nous-y-sommes\/","url":"https:\/\/www.medes.fr\/en\/a-la-une\/space-for-inspiration-2026-nous-y-sommes\/","name":"Space for Inspiration 2026 ! Nous y sommes ! - Medes","isPartOf":{"@id":"https:\/\/www.medes.fr\/en\/#website"},"primaryImageOfPage":{"@id":"https:\/\/www.medes.fr\/en\/a-la-une\/space-for-inspiration-2026-nous-y-sommes\/#primaryimage"},"image":{"@id":"https:\/\/www.medes.fr\/en\/a-la-une\/space-for-inspiration-2026-nous-y-sommes\/#primaryimage"},"thumbnailUrl":"https:\/\/www.medes.fr\/wp-content\/uploads\/2026\/09\/Space-for-Inspiration.jpg","datePublished":"2026-09-01T14:06:19+00:00","dateModified":"2026-09-01T15:16:42+00:00","author":{"@id":"https:\/\/www.medes.fr\/en\/#\/schema\/person\/d9d42a6448e34d220b88e51373fa8e55"},"breadcrumb":{"@id":"https:\/\/www.medes.fr\/en\/a-la-une\/space-for-inspiration-2026-nous-y-sommes\/#breadcrumb"},"inLanguage":"en-US","potentialAction":[{"@type":"ReadAction","target":["https:\/\/www.medes.fr\/en\/a-la-une\/space-for-inspiration-2026-nous-y-sommes\/"]}]},{"@type":"ImageObject","inLanguage":"en-US","@id":"https:\/\/www.medes.fr\/en\/a-la-une\/space-for-inspiration-2026-nous-y-sommes\/#primaryimage","url":"https:\/\/www.medes.fr\/wp-content\/uploads\/2026\/09\/Space-for-Inspiration.jpg","contentUrl":"https:\/\/www.medes.fr\/wp-content\/uploads\/2026\/09\/Space-for-Inspiration.jpg","width":498,"height":457},{"@type":"BreadcrumbList","@id":"https:\/\/www.medes.fr\/en\/a-la-une\/space-for-inspiration-2026-nous-y-sommes\/#breadcrumb","itemListElement":[{"@type":"ListItem","position":1,"name":"Accueil","item":"https:\/\/www.medes.fr\/en\/"},{"@type":"ListItem","position":2,"name":"in the spotlight","item":"https:\/\/www.medes.fr\/en\/category\/in-the-spotlight-en\/"},{"@type":"ListItem","position":3,"name":"Space for Inspiration 2026 ! Nous y sommes !"}]},{"@type":"WebSite","@id":"https:\/\/www.medes.fr\/en\/#website","url":"https:\/\/www.medes.fr\/en\/","name":"Medes","description":"","potentialAction":[{"@type":"SearchAction","target":{"@type":"EntryPoint","urlTemplate":"https:\/\/www.medes.fr\/en\/?s={search_term_string}"},"query-input":{"@type":"PropertyValueSpecification","valueRequired":true,"valueName":"search_term_string"}}],"inLanguage":"en-US"},{"@type":"Person","@id":"https:\/\/www.medes.fr\/en\/#\/schema\/person\/d9d42a6448e34d220b88e51373fa8e55","name":"Medes","image":{"@type":"ImageObject","inLanguage":"en-US","@id":"https:\/\/secure.gravatar.com\/avatar\/94a3a44768861d4672a1ab6030b5709d468527f935bd404cd96410f423656e17?s=96&d=mm&r=g","url":"https:\/\/secure.gravatar.com\/avatar\/94a3a44768861d4672a1ab6030b5709d468527f935bd404cd96410f423656e17?s=96&d=mm&r=g","contentUrl":"https:\/\/secure.gravatar.com\/avatar\/94a3a44768861d4672a1ab6030b5709d468527f935bd404cd96410f423656e17?s=96&d=mm&r=g","caption":"Medes"},"url":"https:\/\/www.medes.fr\/en\/author\/medes\/"}]}},"_links":{"self":[{"href":"https:\/\/www.medes.fr\/en\/wp-json\/wp\/v2\/posts\/17649","targetHints":{"allow":["GET"]}}],"collection":[{"href":"https:\/\/www.medes.fr\/en\/wp-json\/wp\/v2\/posts"}],"about":[{"href":"https:\/\/www.medes.fr\/en\/wp-json\/wp\/v2\/types\/post"}],"author":[{"embeddable":true,"href":"https:\/\/www.medes.fr\/en\/wp-json\/wp\/v2\/users\/3"}],"replies":[{"embeddable":true,"href":"https:\/\/www.medes.fr\/en\/wp-json\/wp\/v2\/comments?post=17649"}],"version-history":[{"count":6,"href":"https:\/\/www.medes.fr\/en\/wp-json\/wp\/v2\/posts\/17649\/revisions"}],"predecessor-version":[{"id":17663,"href":"https:\/\/www.medes.fr\/en\/wp-json\/wp\/v2\/posts\/17649\/revisions\/17663"}],"wp:featuredmedia":[{"embeddable":true,"href":"https:\/\/www.medes.fr\/en\/wp-json\/wp\/v2\/media\/17651"}],"wp:attachment":[{"href":"https:\/\/www.medes.fr\/en\/wp-json\/wp\/v2\/media?parent=17649"}],"wp:term":[{"taxonomy":"category","embeddable":true,"href":"https:\/\/www.medes.fr\/en\/wp-json\/wp\/v2\/categories?post=17649"},{"taxonomy":"post_tag","embeddable":true,"href":"https:\/\/www.medes.fr\/en\/wp-json\/wp\/v2\/tags?post=17649"}],"curies":[{"name":"wp","href":"https:\/\/api.w.org\/{rel}","templated":true}]}}